{"id":574,"date":"2023-02-20T15:47:24","date_gmt":"2023-02-20T15:47:24","guid":{"rendered":"https:\/\/partietsansobalans.se\/?p=574"},"modified":"2023-04-03T16:06:16","modified_gmt":"2023-04-03T16:06:16","slug":"interpellation-om-oron-bland-de-boende-pa-rolon","status":"publish","type":"post","link":"https:\/\/partietsansobalans.se\/?p=574","title":{"rendered":"Interpellation om oron bland de boende p\u00e5 R\u00f6lon"},"content":{"rendered":"\n<p><\/p>\n\n\n\n<div class=\"wp-block-file\"><a id=\"wp-block-file--media-26f99650-ece0-47bc-afa4-1953b6a5701e\" href=\"https:\/\/partietsansobalans.se\/wp-content\/uploads\/2023\/02\/Interpellation-om-oron-bland-boende-pa-Rolon.docx.pdf\">Interpellation om oron bland boende p\u00e5 R\u00f6lon.docx<\/a><a href=\"https:\/\/partietsansobalans.se\/wp-content\/uploads\/2023\/02\/Interpellation-om-oron-bland-boende-pa-Rolon.docx.pdf\" class=\"wp-block-file__button wp-element-button\" download aria-describedby=\"wp-block-file--media-26f99650-ece0-47bc-afa4-1953b6a5701e\">Ladda ner<\/a><\/div>\n\n\n\n<p>Ett flertal boende p\u00e5 R\u00f6lon med omnejd har kontaktat v\u00e5rt parti och uttryckt sin oro \u00f6ver att det finns rykten om planer p\u00e5 att riva bost\u00e4der p\u00e5 R\u00f6lov\u00e4gen. <\/p>\n\n\n\n<p><\/p>\n\n\n\n<p>Dessa bost\u00e4der skall, enligt ryktet, ers\u00e4ttas med mindre h\u00f6ghus. Det r\u00f6r sig med andra ord om att riva de kulturhistoriska brukshusen som funnits i cirka hundra \u00e5r.<\/p>\n\n\n\n<p><\/p>\n\n\n\n<p><br>Flera av de boende p\u00e5 R\u00f6lon undrar idag om deras bost\u00e4der kommer att finnas kvar i framtiden och vart de, om det blir aktuellt med rivning, m\u00e5ste flytta f\u00f6r att f\u00e5 tag p\u00e5 en ny bostad.<\/p>\n\n\n\n<p><br>Tankarna f\u00f6rs tillbaka till situationen som uppstod f\u00f6r drygt tio \u00e5r sedan n\u00e4r grannomr\u00e5det Lunden var t\u00e4nkt att s\u00e4ljas. D\u00e5 uppstod stor oro os\u00e4kerhet och flera av de boende undrade om de skulle kunna bo<br>kvar.<\/p>\n\n\n\n<p><\/p>\n\n\n\n<p>\u00c4ven om R\u00f6lon inte \u00e4r t\u00e4nk att s\u00e4ljas s\u00e5 uppst\u00e5r likv\u00e4l en stor oro. Flera av de boende har t\u00e4nkt att bokvar s\u00e5 l\u00e4nge de kan men alla ih\u00e5llande rykten om rivning s\u00e4tter stora fr\u00e5getecken om det \u00e4r m\u00f6jligt att<br>bo i sin bostad tills det \u00e4r dags att flytta in p\u00e5 s\u00e4bo eller l\u00e4mna jordelivet. De boende stortrivs helt<br>enkelt.<\/p>\n\n\n\n<p><\/p>\n\n\n\n<p><\/p>\n\n\n\n<p><br>D\u00e4rf\u00f6r vill vi en g\u00e5ng f\u00f6r alla ta upp denna fr\u00e5ga om eventuellt rivning av vissa hus p\u00e5 R\u00f6lon. Detta s\u00e5<br>att de boende skall f\u00e5 klarhet.<\/p>\n\n\n\n<p><\/p>\n\n\n\n<p><br>D\u00e4rf\u00f6r vill jag st\u00e4lla f\u00f6ljande fr\u00e5gor till styrelsens ordf\u00f6rande f\u00f6r Hammar\u00f6bost\u00e4der:<\/p>\n\n\n\n<p><\/p>\n\n\n\n<p><br>Finns det ambitioner att riva bost\u00e4der p\u00e5 omr\u00e5det R\u00f6lon? I s\u00e5 fall vilka?<\/p>\n\n\n\n<p><\/p>\n\n\n\n<p><br>Om det skulle bli skarpt l\u00e4ge och rivning sker. Vart \u00e4r det d\u00e5 t\u00e4nkt att de boende skall flytta?<\/p>\n\n\n\n<p><\/p>\n","protected":false},"excerpt":{"rendered":"<p>Ett flertal boende p\u00e5 R\u00f6lon med omnejd har kontaktat v\u00e5rt parti och uttryckt sin oro \u00f6ver att det finns rykten om planer p\u00e5 att riva bost\u00e4der p\u00e5 R\u00f6lov\u00e4gen. Dessa bost\u00e4der skall, enligt ryktet, ers\u00e4ttas med mindre h\u00f6ghus. Det r\u00f6r sig med andra ord om att riva de kulturhistoriska brukshusen som funnits i cirka hundra \u00e5r. [&hellip;]<\/p>\n","protected":false},"author":1,"featured_media":0,"comment_status":"closed","ping_status":"open","sticky":false,"template":"","format":"standard","meta":{"footnotes":""},"categories":[9],"tags":[],"class_list":["post-574","post","type-post","status-publish","format-standard","hentry","category-interpellationer"],"_links":{"self":[{"href":"https:\/\/partietsansobalans.se\/index.php?rest_route=\/wp\/v2\/posts\/574","targetHints":{"allow":["GET"]}}],"collection":[{"href":"https:\/\/partietsansobalans.se\/index.php?rest_route=\/wp\/v2\/posts"}],"about":[{"href":"https:\/\/partietsansobalans.se\/index.php?rest_route=\/wp\/v2\/types\/post"}],"author":[{"embeddable":true,"href":"https:\/\/partietsansobalans.se\/index.php?rest_route=\/wp\/v2\/users\/1"}],"replies":[{"embeddable":true,"href":"https:\/\/partietsansobalans.se\/index.php?rest_route=%2Fwp%2Fv2%2Fcomments&post=574"}],"version-history":[{"count":4,"href":"https:\/\/partietsansobalans.se\/index.php?rest_route=\/wp\/v2\/posts\/574\/revisions"}],"predecessor-version":[{"id":581,"href":"https:\/\/partietsansobalans.se\/index.php?rest_route=\/wp\/v2\/posts\/574\/revisions\/581"}],"wp:attachment":[{"href":"https:\/\/partietsansobalans.se\/index.php?rest_route=%2Fwp%2Fv2%2Fmedia&parent=574"}],"wp:term":[{"taxonomy":"category","embeddable":true,"href":"https:\/\/partietsansobalans.se\/index.php?rest_route=%2Fwp%2Fv2%2Fcategories&post=574"},{"taxonomy":"post_tag","embeddable":true,"href":"https:\/\/partietsansobalans.se\/index.php?rest_route=%2Fwp%2Fv2%2Ftags&post=574"}],"curies":[{"name":"wp","href":"https:\/\/api.w.org\/{rel}","templated":true}]}}